{"id":121,"date":"2016-04-19T16:56:54","date_gmt":"2016-04-19T16:56:54","guid":{"rendered":"http:\/\/cnl2016.bm-ferreiradecastro.com\/?p=121"},"modified":"2016-04-21T14:29:49","modified_gmt":"2016-04-21T14:29:49","slug":"osas-escritoresas-na-2a-fase-distrital-de-aveirooliveira-de-azemeis-do-cnl-20152016","status":"publish","type":"post","link":"https:\/\/cnl2016.bm-ferreiradecastro.com\/?p=121","title":{"rendered":"Os\/As escritores\/as na 2\u00aa Fase Distrital de Aveiro\/Oliveira de Azem\u00e9is do CNL 2015\/2016"},"content":{"rendered":"<p><a href=\"http:\/\/www.cm-oaz.pt\/noticias.6\/cultura.13\/centenario_da_vida_literaria_de_ferreira_de_castro_.a4416.html\">Ferreira de Castro<\/a>;<\/p>\n<p><a href=\"https:\/\/i2.wp.com\/cnl2016.bm-ferreiradecastro.com\/wp-content\/uploads\/2016\/04\/ferreira_de_castro.jpg\" rel=\"attachment wp-att-123\"><img data-attachment-id=\"123\" data-permalink=\"https:\/\/cnl2016.bm-ferreiradecastro.com\/?attachment_id=123\" data-orig-file=\"https:\/\/i2.wp.com\/cnl2016.bm-ferreiradecastro.com\/wp-content\/uploads\/2016\/04\/ferreira_de_castro.jpg?fit=151%2C151&amp;ssl=1\" data-orig-size=\"151,151\" data-comments-opened=\"1\" data-image-meta=\"{&quot;aperture&quot;:&quot;0&quot;,&quot;credit&quot;:&quot;&quot;,&quot;camera&quot;:&quot;&quot;,&quot;caption&quot;:&quot;&quot;,&quot;created_timestamp&quot;:&quot;0&quot;,&quot;copyright&quot;:&quot;&quot;,&quot;focal_length&quot;:&quot;0&quot;,&quot;iso&quot;:&quot;0&quot;,&quot;shutter_speed&quot;:&quot;0&quot;,&quot;title&quot;:&quot;&quot;,&quot;orientation&quot;:&quot;0&quot;}\" data-image-title=\"ferreira_de_castro\" data-image-description=\"\" data-image-caption=\"\" data-medium-file=\"https:\/\/i2.wp.com\/cnl2016.bm-ferreiradecastro.com\/wp-content\/uploads\/2016\/04\/ferreira_de_castro.jpg?fit=151%2C151&amp;ssl=1\" data-large-file=\"https:\/\/i2.wp.com\/cnl2016.bm-ferreiradecastro.com\/wp-content\/uploads\/2016\/04\/ferreira_de_castro.jpg?fit=151%2C151&amp;ssl=1\" loading=\"lazy\" class=\"alignnone size-full wp-image-123\" src=\"https:\/\/i2.wp.com\/cnl2016.bm-ferreiradecastro.com\/wp-content\/uploads\/2016\/04\/ferreira_de_castro.jpg?resize=151%2C151\" alt=\"Ferreira de Castro\" width=\"151\" height=\"151\" srcset=\"https:\/\/i2.wp.com\/cnl2016.bm-ferreiradecastro.com\/wp-content\/uploads\/2016\/04\/ferreira_de_castro.jpg?w=151&amp;ssl=1 151w, https:\/\/i2.wp.com\/cnl2016.bm-ferreiradecastro.com\/wp-content\/uploads\/2016\/04\/ferreira_de_castro.jpg?resize=150%2C150&amp;ssl=1 150w, https:\/\/i2.wp.com\/cnl2016.bm-ferreiradecastro.com\/wp-content\/uploads\/2016\/04\/ferreira_de_castro.jpg?resize=60%2C60&amp;ssl=1 60w, https:\/\/i2.wp.com\/cnl2016.bm-ferreiradecastro.com\/wp-content\/uploads\/2016\/04\/ferreira_de_castro.jpg?resize=24%2C24&amp;ssl=1 24w, https:\/\/i2.wp.com\/cnl2016.bm-ferreiradecastro.com\/wp-content\/uploads\/2016\/04\/ferreira_de_castro.jpg?resize=36%2C36&amp;ssl=1 36w, https:\/\/i2.wp.com\/cnl2016.bm-ferreiradecastro.com\/wp-content\/uploads\/2016\/04\/ferreira_de_castro.jpg?resize=48%2C48&amp;ssl=1 48w\" sizes=\"(max-width: 151px) 100vw, 151px\" data-recalc-dims=\"1\" \/><\/a><\/p>\n<p><a href=\"http:\/\/vergilioferreira.pt\/\">Verg\u00edlio Ferreira<\/a>;<\/p>\n<p><a href=\"https:\/\/i1.wp.com\/cnl2016.bm-ferreiradecastro.com\/wp-content\/uploads\/2016\/04\/virgilio_ferreira.jpg\" rel=\"attachment wp-att-124\"><img data-attachment-id=\"124\" data-permalink=\"https:\/\/cnl2016.bm-ferreiradecastro.com\/?attachment_id=124\" data-orig-file=\"https:\/\/i1.wp.com\/cnl2016.bm-ferreiradecastro.com\/wp-content\/uploads\/2016\/04\/virgilio_ferreira.jpg?fit=150%2C151&amp;ssl=1\" data-orig-size=\"150,151\" data-comments-opened=\"1\" data-image-meta=\"{&quot;aperture&quot;:&quot;0&quot;,&quot;credit&quot;:&quot;&quot;,&quot;camera&quot;:&quot;&quot;,&quot;caption&quot;:&quot;&quot;,&quot;created_timestamp&quot;:&quot;0&quot;,&quot;copyright&quot;:&quot;&quot;,&quot;focal_length&quot;:&quot;0&quot;,&quot;iso&quot;:&quot;0&quot;,&quot;shutter_speed&quot;:&quot;0&quot;,&quot;title&quot;:&quot;&quot;,&quot;orientation&quot;:&quot;0&quot;}\" data-image-title=\"virgilio_ferreira\" data-image-description=\"\" data-image-caption=\"\" data-medium-file=\"https:\/\/i1.wp.com\/cnl2016.bm-ferreiradecastro.com\/wp-content\/uploads\/2016\/04\/virgilio_ferreira.jpg?fit=150%2C151&amp;ssl=1\" data-large-file=\"https:\/\/i1.wp.com\/cnl2016.bm-ferreiradecastro.com\/wp-content\/uploads\/2016\/04\/virgilio_ferreira.jpg?fit=150%2C151&amp;ssl=1\" loading=\"lazy\" class=\"alignnone size-full wp-image-124\" src=\"https:\/\/i1.wp.com\/cnl2016.bm-ferreiradecastro.com\/wp-content\/uploads\/2016\/04\/virgilio_ferreira.jpg?resize=150%2C151\" alt=\"Virg\u00edlio Ferreira\" width=\"150\" height=\"151\" srcset=\"https:\/\/i1.wp.com\/cnl2016.bm-ferreiradecastro.com\/wp-content\/uploads\/2016\/04\/virgilio_ferreira.jpg?w=150&amp;ssl=1 150w, https:\/\/i1.wp.com\/cnl2016.bm-ferreiradecastro.com\/wp-content\/uploads\/2016\/04\/virgilio_ferreira.jpg?resize=60%2C60&amp;ssl=1 60w, https:\/\/i1.wp.com\/cnl2016.bm-ferreiradecastro.com\/wp-content\/uploads\/2016\/04\/virgilio_ferreira.jpg?resize=24%2C24&amp;ssl=1 24w, https:\/\/i1.wp.com\/cnl2016.bm-ferreiradecastro.com\/wp-content\/uploads\/2016\/04\/virgilio_ferreira.jpg?resize=36%2C36&amp;ssl=1 36w, https:\/\/i1.wp.com\/cnl2016.bm-ferreiradecastro.com\/wp-content\/uploads\/2016\/04\/virgilio_ferreira.jpg?resize=48%2C48&amp;ssl=1 48w\" sizes=\"(max-width: 150px) 100vw, 150px\" data-recalc-dims=\"1\" \/><\/a><\/p>\n<p><a href=\"http:\/\/www.lidiajorge.com\/\">L\u00eddia Jorge<\/a><\/p>\n<p><a href=\"https:\/\/i1.wp.com\/cnl2016.bm-ferreiradecastro.com\/wp-content\/uploads\/2016\/04\/lidia_jorge.jpg\" rel=\"attachment wp-att-125\"><img data-attachment-id=\"125\" data-permalink=\"https:\/\/cnl2016.bm-ferreiradecastro.com\/?attachment_id=125\" data-orig-file=\"https:\/\/i1.wp.com\/cnl2016.bm-ferreiradecastro.com\/wp-content\/uploads\/2016\/04\/lidia_jorge.jpg?fit=151%2C151&amp;ssl=1\" data-orig-size=\"151,151\" data-comments-opened=\"1\" data-image-meta=\"{&quot;aperture&quot;:&quot;0&quot;,&quot;credit&quot;:&quot;&quot;,&quot;camera&quot;:&quot;&quot;,&quot;caption&quot;:&quot;&quot;,&quot;created_timestamp&quot;:&quot;0&quot;,&quot;copyright&quot;:&quot;&quot;,&quot;focal_length&quot;:&quot;0&quot;,&quot;iso&quot;:&quot;0&quot;,&quot;shutter_speed&quot;:&quot;0&quot;,&quot;title&quot;:&quot;&quot;,&quot;orientation&quot;:&quot;0&quot;}\" data-image-title=\"lidia_jorge\" data-image-description=\"\" data-image-caption=\"\" data-medium-file=\"https:\/\/i1.wp.com\/cnl2016.bm-ferreiradecastro.com\/wp-content\/uploads\/2016\/04\/lidia_jorge.jpg?fit=151%2C151&amp;ssl=1\" data-large-file=\"https:\/\/i1.wp.com\/cnl2016.bm-ferreiradecastro.com\/wp-content\/uploads\/2016\/04\/lidia_jorge.jpg?fit=151%2C151&amp;ssl=1\" loading=\"lazy\" class=\"alignnone size-full wp-image-125\" src=\"https:\/\/i1.wp.com\/cnl2016.bm-ferreiradecastro.com\/wp-content\/uploads\/2016\/04\/lidia_jorge.jpg?resize=151%2C151\" alt=\"L\u00eddia Jorge\" width=\"151\" height=\"151\" srcset=\"https:\/\/i1.wp.com\/cnl2016.bm-ferreiradecastro.com\/wp-content\/uploads\/2016\/04\/lidia_jorge.jpg?w=151&amp;ssl=1 151w, https:\/\/i1.wp.com\/cnl2016.bm-ferreiradecastro.com\/wp-content\/uploads\/2016\/04\/lidia_jorge.jpg?resize=150%2C150&amp;ssl=1 150w, https:\/\/i1.wp.com\/cnl2016.bm-ferreiradecastro.com\/wp-content\/uploads\/2016\/04\/lidia_jorge.jpg?resize=60%2C60&amp;ssl=1 60w, https:\/\/i1.wp.com\/cnl2016.bm-ferreiradecastro.com\/wp-content\/uploads\/2016\/04\/lidia_jorge.jpg?resize=24%2C24&amp;ssl=1 24w, https:\/\/i1.wp.com\/cnl2016.bm-ferreiradecastro.com\/wp-content\/uploads\/2016\/04\/lidia_jorge.jpg?resize=36%2C36&amp;ssl=1 36w, https:\/\/i1.wp.com\/cnl2016.bm-ferreiradecastro.com\/wp-content\/uploads\/2016\/04\/lidia_jorge.jpg?resize=48%2C48&amp;ssl=1 48w\" sizes=\"(max-width: 151px) 100vw, 151px\" data-recalc-dims=\"1\" \/><\/a><\/p>\n<p><strong>\u00a0 \u00a0 \u00a0\u00a0<\/strong><\/p>\n","protected":false},"excerpt":{"rendered":"<p>Ferreira de Castro; Verg\u00edlio Ferreira; L\u00eddia Jorge \u00a0 \u00a0 \u00a0\u00a0<\/p>\n","protected":false},"author":1,"featured_media":181,"comment_status":"open","ping_status":"open","sticky":false,"template":"","format":"standard","meta":{"spay_email":"","jetpack_publicize_message":"","jetpack_is_tweetstorm":false},"categories":[10,32],"tags":[26,14,27,29],"jetpack_featured_media_url":"https:\/\/i0.wp.com\/cnl2016.bm-ferreiradecastro.com\/wp-content\/uploads\/2016\/04\/Trabalho-escritores-v3.1-1.jpg?fit=1920%2C550&ssl=1","jetpack_publicize_connections":[],"jetpack_sharing_enabled":true,"jetpack_shortlink":"https:\/\/wp.me\/p7irfX-1X","jetpack-related-posts":[{"id":22,"url":"https:\/\/cnl2016.bm-ferreiradecastro.com\/?p=22","url_meta":{"origin":121,"position":0},"title":"Oliveira de Azem\u00e9is une-se em torno do centen\u00e1rio da vida liter\u00e1ria de Ferreira de Castro","date":"21 Janeiro, 2016","format":false,"excerpt":"2016 ser\u00e1 um ano dedicado \u00e0s comemora\u00e7\u00f5es do centen\u00e1rio da vida liter\u00e1ria de Ferreira de Castro que teve in\u00edcio em 1916 com a publica\u00e7\u00e3o em fasc\u00edculos do romance \u201cCriminoso por ambi\u00e7\u00e3o\u201d. Um ambicioso programa comemorativo que se prolongar\u00e1 at\u00e9 janeiro de 2017 pretende dar voz a todos os que, integrando\u2026","rel":"","context":"In &quot;Destaque&quot;","img":{"alt_text":"100 anos da vida liter\u00e1ria de Ferreira de Castro","src":"https:\/\/i1.wp.com\/cnl2016.bm-ferreiradecastro.com\/wp-content\/uploads\/2016\/01\/Logo-100-Anos_cor_site.jpg?fit=1200%2C344&ssl=1&resize=350%2C200","width":350,"height":200},"classes":[]},{"id":155,"url":"https:\/\/cnl2016.bm-ferreiradecastro.com\/?p=155","url_meta":{"origin":121,"position":1},"title":"Casa Museu Ferreira de Castro","date":"20 Abril, 2016","format":false,"excerpt":"Constru\u00e7\u00e3o datada de meados do S\u00e9culo XIX \u00e9 hoje um museu que re\u00fane livros, manuscritos e objetos pessoais do escritor, inclusive os sapatos e a mala que o acompanharam nessa viagem \u00e0 volta do mundo.\u00a0Trata-se da antiga casa do escritor Jos\u00e9 Maria Ferreira de Castro (1898-1974), autor de livros como\u2026","rel":"","context":"In &quot;Sem categoria&quot;","img":{"alt_text":"Casa Museu Ferreira de Castro","src":"https:\/\/i1.wp.com\/cnl2016.bm-ferreiradecastro.com\/wp-content\/uploads\/2016\/04\/casa.museu_.f.castro.jpg?fit=1200%2C344&ssl=1&resize=350%2C200","width":350,"height":200},"classes":[]},{"id":119,"url":"https:\/\/cnl2016.bm-ferreiradecastro.com\/?p=119","url_meta":{"origin":121,"position":2},"title":"Conhecem a Biblioteca Municipal Ferreira de Castro?","date":"19 Abril, 2016","format":false,"excerpt":"Aberta ao p\u00fablico desde 14 de dezembro de 2007, em Oliveira de Azem\u00e9is, a Biblioteca Municipal Ferreira de Castro pretende constituir-se como um equipamento \u00e0 escala do seu tempo. Toda a sua organiza\u00e7\u00e3o est\u00e1 pensada numa l\u00f3gica contempor\u00e2nea de biblioteca p\u00fablica, pretendendo responder \u00e0s necessidades de uma comunidade exigente e\u2026","rel":"","context":"In &quot;Destaque&quot;","img":{"alt_text":"BMFC","src":"https:\/\/i2.wp.com\/cnl2016.bm-ferreiradecastro.com\/wp-content\/uploads\/2016\/04\/bmfc.jpg?fit=1200%2C344&ssl=1&resize=350%2C200","width":350,"height":200},"classes":[]},{"id":148,"url":"https:\/\/cnl2016.bm-ferreiradecastro.com\/?p=148","url_meta":{"origin":121,"position":3},"title":"Comemora\u00e7\u00f5es do Centen\u00e1rio de Verg\u00edlio Ferreira","date":"20 Abril, 2016","format":false,"excerpt":"Verg\u00edlio Ant\u00f3nio Ferreira nasce em Melo, aldeia do concelho de Gouveia, no dia 28 de janeiro de 1916. \u00c9 o terceiro filho de \u2013 Ant\u00f3nio Augusto Ferreira e Josefa de Oliveira. Este ano comemora-se o centen\u00e1rio do seu nascimento. Ler +\u00a0em\u00a0http:\/\/vergilioferreira.pt","rel":"","context":"In &quot;Destaque&quot;","img":{"alt_text":"Verg\u00edlio Ferreira","src":"https:\/\/i2.wp.com\/cnl2016.bm-ferreiradecastro.com\/wp-content\/uploads\/2016\/04\/vergilio.jpg?fit=1200%2C534&ssl=1&resize=350%2C200","width":350,"height":200},"classes":[]},{"id":217,"url":"https:\/\/cnl2016.bm-ferreiradecastro.com\/?p=217","url_meta":{"origin":121,"position":4},"title":"Equipa Corretora \u2013 Provas Escritas","date":"11 Maio, 2016","format":false,"excerpt":"\u00c0 Equipa Corretora coube a \u00e1rdua tarefa de corrigir as 255 Provas Escritas realizadas pelos\/as participantes nesta 2.\u00aa Fase Distrital Aveiro da 10.\u00aa edi\u00e7\u00e3o do Concurso Nacional de Leitura 2015\/2016. A prova englobou 40 (quarenta) quest\u00f5es de escolha m\u00faltipla, 20 (vinte) referentes a cada uma das duas obras selecionadas e\u2026","rel":"","context":"In &quot;Sem categoria&quot;","img":{"alt_text":"","src":"https:\/\/i2.wp.com\/cnl2016.bm-ferreiradecastro.com\/wp-content\/uploads\/2016\/05\/equipa-corretora-e1462978270176.jpg?fit=1200%2C800&ssl=1&resize=350%2C200","width":350,"height":200},"classes":[]},{"id":233,"url":"https:\/\/cnl2016.bm-ferreiradecastro.com\/?p=233","url_meta":{"origin":121,"position":5},"title":"Reportagem fotogr\u00e1fica e v\u00eddeo","date":"11 Maio, 2016","format":false,"excerpt":"A 2.\u00aa Fase Distrital Aveiro da 10.\u00aa edi\u00e7\u00e3o do Concurso Nacional de Leitura 2015\/2016 teve todo um acompanhamento a n\u00edvel de reportagem fotogr\u00e1fica e f\u00edlmica que foi da responsabilidade da Ingrey Studio (Nuno Seabra e Joaquim Ramalho).","rel":"","context":"In &quot;Sem categoria&quot;","img":{"alt_text":"","src":"","width":0,"height":0},"classes":[]}],"_links":{"self":[{"href":"https:\/\/cnl2016.bm-ferreiradecastro.com\/index.php?rest_route=\/wp\/v2\/posts\/121"}],"collection":[{"href":"https:\/\/cnl2016.bm-ferreiradecastro.com\/index.php?rest_route=\/wp\/v2\/posts"}],"about":[{"href":"https:\/\/cnl2016.bm-ferreiradecastro.com\/index.php?rest_route=\/wp\/v2\/types\/post"}],"author":[{"embeddable":true,"href":"https:\/\/cnl2016.bm-ferreiradecastro.com\/index.php?rest_route=\/wp\/v2\/users\/1"}],"replies":[{"embeddable":true,"href":"https:\/\/cnl2016.bm-ferreiradecastro.com\/index.php?rest_route=%2Fwp%2Fv2%2Fcomments&post=121"}],"version-history":[{"count":7,"href":"https:\/\/cnl2016.bm-ferreiradecastro.com\/index.php?rest_route=\/wp\/v2\/posts\/121\/revisions"}],"predecessor-version":[{"id":131,"href":"https:\/\/cnl2016.bm-ferreiradecastro.com\/index.php?rest_route=\/wp\/v2\/posts\/121\/revisions\/131"}],"wp:featuredmedia":[{"embeddable":true,"href":"https:\/\/cnl2016.bm-ferreiradecastro.com\/index.php?rest_route=\/wp\/v2\/media\/181"}],"wp:attachment":[{"href":"https:\/\/cnl2016.bm-ferreiradecastro.com\/index.php?rest_route=%2Fwp%2Fv2%2Fmedia&parent=121"}],"wp:term":[{"taxonomy":"category","embeddable":true,"href":"https:\/\/cnl2016.bm-ferreiradecastro.com\/index.php?rest_route=%2Fwp%2Fv2%2Fcategories&post=121"},{"taxonomy":"post_tag","embeddable":true,"href":"https:\/\/cnl2016.bm-ferreiradecastro.com\/index.php?rest_route=%2Fwp%2Fv2%2Ftags&post=121"}],"curies":[{"name":"wp","href":"https:\/\/api.w.org\/{rel}","templated":true}]}}