{"id":252,"date":"2016-05-11T16:24:51","date_gmt":"2016-05-11T16:24:51","guid":{"rendered":"http:\/\/cnl2016.bm-ferreiradecastro.com\/?p=252"},"modified":"2020-05-08T16:48:17","modified_gmt":"2020-05-08T16:48:17","slug":"escolas-participantes","status":"publish","type":"post","link":"https:\/\/cnl2016.bm-ferreiradecastro.com\/?p=252","title":{"rendered":"Escolas Participantes"},"content":{"rendered":"<p>Todos os 16 distritos de Aveiro estiveram representados nesta 2.\u00aa Fase Distrital Aveiro da 10.\u00aa edi\u00e7\u00e3o do Concurso Nacional de Leitura 2015\/2016, no total&nbsp;foram 63 (sessenta e tr\u00eas) as escolas participantes nesta fase.<\/p>\n<p>&nbsp;<\/p>\n<p>Escolas participantes por concelho:<\/p>\n<p><strong>Concelho de Albergaria-a-Velha \u00bb <\/strong>Escola B\u00e1sica de Branca | Escola Secund\u00e1ria de Albergaria-a-Velha<\/p>\n<p><strong>Concelho de Anadia \u00bb <\/strong>Escola B\u00e1sica de Vilarinho do Bairro | Escola B\u00e1sica e Secund\u00e1ria de Anadia<\/p>\n<p><strong>Concelho de Arouca \u00bb<\/strong> Escola B\u00e1sica e Secund\u00e1ria de Escariz | Escola Secund\u00e1ria de Arouca<\/p>\n<p><strong>Concelho de Aveiro \u00bb<\/strong> Escola B\u00e1sica Castro Matoso, Oliveirinha | Escola B\u00e1sica e Secund\u00e1ria Dr. Jaime Magalh\u00e3es Lima, Esgueira | Escola B\u00e1sica Jo\u00e3o Afonso | Escola Profissional de Aveiro | &nbsp; Escola Secund\u00e1ria Homem Cristo | Escola Secund\u00e1ria Jos\u00e9 Estev\u00e3o<\/p>\n<p><strong>Concelho de Castelo de Paiva \u00bb<\/strong> Escola B\u00e1sica de Couto Mineiro do Pej\u00e3o, Raiva | Escola B\u00e1sica e Secund\u00e1ria de Castelo de Paiva<\/p>\n<p><strong>Concelho de Espinho \u00bb<\/strong> Escola B\u00e1sica Domingos Capela, Silvalde | Escola B\u00e1sica e Secund\u00e1ria Dr. Manuel Gomes Almeida | Escola B\u00e1sica e Secund\u00e1ria Dr. Manuel Laranjeira | Escola B\u00e1sica S\u00e1 Couto<\/p>\n<p><strong>Concelho de \u00cdlhavo \u00bb<\/strong> Escola B\u00e1sica de Gafanha da Encarna\u00e7\u00e3o | Escola B\u00e1sica Jos\u00e9 Ferreira Pinto Basto | Escola Secund\u00e1ria de Gafanha da Nazar\u00e9 | Escola Secund\u00e1ria Dr. Jo\u00e3o Carlos Celestino Gomes<\/p>\n<p><strong>Concelho da Mealhada \u00bb<\/strong> Escola B\u00e1sica n.\u00ba 2 de Mealhada | Escola B\u00e1sica n.\u00ba 2 de Pampilhosa | Escola Secund\u00e1ria de Mealhada<\/p>\n<p><strong>Concelho da Murtosa \u00bb<\/strong> Escola B\u00e1sica de Torreira | Escola B\u00e1sica e Secund\u00e1ria Padre Ant\u00f3nio Morais da Fonseca<\/p>\n<p><strong>Concelho de Oliveira de Azem\u00e9is \u00bb<\/strong> Escola B\u00e1sica Comendador \u00c2ngelo Azevedo | Escola B\u00e1sica de Carregosa | Escola B\u00e1sica de Loureiro, Alumieira | Escola B\u00e1sica Dr. Jos\u00e9 Pereira Tavares, Pinheiro da Bemposta | Escola B\u00e1sica e Secund\u00e1ria de Faj\u00f5es | Escola B\u00e1sica e Secund\u00e1ria Dr. Ferreira da Silva, Cucuj\u00e3es | Escola B\u00e1sica e Secund\u00e1ria Ferreira de Castro | Escola Secund\u00e1ria Soares Basto<\/p>\n<p><strong>Concelho de Oliveira do Bairro \u00bb <\/strong>Escola B\u00e1sica Dr. Ac\u00e1cio de Azevedo | Escola B\u00e1sica Dr. Fernando Peixinho, Oi\u00e3 | Escola Secund\u00e1ria de Oliveira do Bairro<\/p>\n<p><strong>Concelho de Ovar \u00bb <\/strong>Escola B\u00e1sica de Maceda | Escola B\u00e1sica de S\u00e3o Vicente de Pereira Jus\u00e3 | Escola B\u00e1sica Florbela Espanca, Esmoriz | Escola B\u00e1sica Monsenhor Miguel de Oliveira, V\u00e1lega | Escola Secund\u00e1ria de Esmoriz | Escola Secund\u00e1ria Dr. Jos\u00e9 Macedo Fragateiro | Escola Secund\u00e1ria J\u00falio Dinis<\/p>\n<p><strong>Concelho de Santa Maria da Feira \u00bb <\/strong>Col\u00e9gio Liceal de Santa Maria de Lamas | Escola B\u00e1sica Ant\u00f3nio Alves de Amorim, Lourosa | Escola B\u00e1sica de Argoncilhe | Escola B\u00e1sica de Arrifana | Escola B\u00e1sica de Canedo | Escola B\u00e1sica de Corga do Lob\u00e3o | Escola B\u00e1sica de Milheir\u00f3s de Poiares | Escola B\u00e1sica de Pa\u00e7os de Brand\u00e3o | Escola B\u00e1sica e Secund\u00e1ria Coelho e Castro, Fi\u00e3es | Escola B\u00e1sica e Secund\u00e1ria de Santa Maria da Feira | Escola B\u00e1sica Fernando Pessoa | Escola B\u00e1sica Professor Doutor Ferreira de Almeida<\/p>\n<p><strong>Concelho de S\u00e3o Jo\u00e3o da Madeira \u00bb <\/strong>Escola B\u00e1sica de S\u00e3o Jo\u00e3o da Madeira | Escola B\u00e1sica e Secund\u00e1ria Dr. Serafim Leite | Escola B\u00e1sica e Secund\u00e1ria Oliveira J\u00fanior | Escola Secund\u00e1ria Jo\u00e3o Silva Correia<\/p>\n<p><strong>Concelho de Sever do Vouga \u00bb <\/strong>Escola B\u00e1sica e Secund\u00e1ria de Sever do Vouga<\/p>\n<p><strong>Concelho de Vale de Cambra \u00bb <\/strong>Escola B\u00e1sica e Secund\u00e1ria de B\u00fazio, Vale de Cambra<\/p>\n\n\n<p><\/p>\n","protected":false},"excerpt":{"rendered":"<p>Todos os 16 distritos de Aveiro estiveram representados nesta 2.\u00aa Fase Distrital Aveiro da 10.\u00aa edi\u00e7\u00e3o do Concurso Nacional de Leitura 2015\/2016, no total&nbsp;foram 63 (sessenta e tr\u00eas) as escolas participantes nesta fase. &nbsp; Escolas participantes por concelho: Concelho de Albergaria-a-Velha \u00bb Escola B\u00e1sica de Branca | Escola Secund\u00e1ria de Albergaria-a-Velha Concelho de Anadia \u00bb [&hellip;]<\/p>\n","protected":false},"author":5,"featured_media":254,"comment_status":"closed","ping_status":"closed","sticky":false,"template":"","format":"standard","meta":{"spay_email":"","jetpack_publicize_message":"","jetpack_is_tweetstorm":false},"categories":[1],"tags":[19,18,13,21,25,29],"jetpack_featured_media_url":"https:\/\/i2.wp.com\/cnl2016.bm-ferreiradecastro.com\/wp-content\/uploads\/2016\/05\/escolas-participantes-e1462984027497.jpg?fit=1920%2C1280&ssl=1","jetpack_publicize_connections":[],"jetpack_sharing_enabled":true,"jetpack_shortlink":"https:\/\/wp.me\/p7irfX-44","jetpack-related-posts":[{"id":245,"url":"https:\/\/cnl2016.bm-ferreiradecastro.com\/?p=245","url_meta":{"origin":252,"position":0},"title":"Lista de classifica\u00e7\u00e3o final - Resultados","date":"11 Maio, 2016","format":false,"excerpt":"Dos\/as 255 alunos\/as que realizaram a Prova Escrita no Pavilh\u00e3o Municipal Professor Ant\u00f3nio Costeira, no Munic\u00edpio de Oliveira de Azem\u00e9is, no dia 27 de abril de 2016, foram apurados\/as cinco concorrentes finalistas de cada categoria. Estes\/as finalistas realizaram a Prova Oral e a ordena\u00e7\u00e3o final dos\/as concorrentes finalistas resultou da\u2026","rel":"","context":"In &quot;Sem categoria&quot;","img":{"alt_text":"Finalistas","src":"https:\/\/i1.wp.com\/cnl2016.bm-ferreiradecastro.com\/wp-content\/uploads\/2016\/05\/Finalistas-e1462983377873.jpg?fit=1200%2C675&ssl=1&resize=350%2C200","width":350,"height":200},"classes":[]},{"id":188,"url":"https:\/\/cnl2016.bm-ferreiradecastro.com\/?p=188","url_meta":{"origin":252,"position":1},"title":"Resultados 2\u00aa Fase Distrital Aveiro da 10.\u00aa edi\u00e7\u00e3o do Concurso Nacional de Leitura 2015\/2016","date":"3 Maio, 2016","format":false,"excerpt":"A Biblioteca Municipal Ferreira de Castro acolheu, na passada quarta-feira, dia 27 de abril, a fase distrital de Aveiro da 10\u00aa edi\u00e7\u00e3o do Concurso Nacional de Leitura, que decorreu no Pavilh\u00e3o Municipal Professor Ant\u00f3nio Costeira em Oliveira de Azem\u00e9is. O Concurso Nacional de Leitura (CNL) \u00e9 uma iniciativa de promo\u00e7\u00e3o\u2026","rel":"","context":"In &quot;Destaque&quot;","img":{"alt_text":"Finalistas","src":"https:\/\/i0.wp.com\/cnl2016.bm-ferreiradecastro.com\/wp-content\/uploads\/2016\/05\/finalistas.jpg?fit=1200%2C344&ssl=1&resize=350%2C200","width":350,"height":200},"classes":[]},{"id":145,"url":"https:\/\/cnl2016.bm-ferreiradecastro.com\/?p=145","url_meta":{"origin":252,"position":2},"title":"Pavilh\u00e3o Municipal Professor Ant\u00f3nio Costeira","date":"20 Abril, 2016","format":false,"excerpt":"O Pavilh\u00e3o Municipal Professor Ant\u00f3nio Costeira foi inaugurado a 25 de setembro de 2009, disponibilizando ao Munic\u00edpio de Oliveira de Azem\u00e9is um espa\u00e7o para o aumento da pr\u00e1tica desportiva e do desenvolvimento desportivo do concelho. Saber mais em\u00a0www.cm-oaz.pt.","rel":"","context":"In &quot;Sem categoria&quot;","img":{"alt_text":"Pavilh\u00e3o Municipal","src":"https:\/\/i1.wp.com\/cnl2016.bm-ferreiradecastro.com\/wp-content\/uploads\/2016\/04\/pavilhao-1.jpg?fit=884%2C402&ssl=1&resize=350%2C200","width":350,"height":200},"classes":[]},{"id":148,"url":"https:\/\/cnl2016.bm-ferreiradecastro.com\/?p=148","url_meta":{"origin":252,"position":3},"title":"Comemora\u00e7\u00f5es do Centen\u00e1rio de Verg\u00edlio Ferreira","date":"20 Abril, 2016","format":false,"excerpt":"Verg\u00edlio Ant\u00f3nio Ferreira nasce em Melo, aldeia do concelho de Gouveia, no dia 28 de janeiro de 1916. \u00c9 o terceiro filho de \u2013 Ant\u00f3nio Augusto Ferreira e Josefa de Oliveira. Este ano comemora-se o centen\u00e1rio do seu nascimento. Ler +\u00a0em\u00a0http:\/\/vergilioferreira.pt","rel":"","context":"In &quot;Destaque&quot;","img":{"alt_text":"Verg\u00edlio Ferreira","src":"https:\/\/i2.wp.com\/cnl2016.bm-ferreiradecastro.com\/wp-content\/uploads\/2016\/04\/vergilio.jpg?fit=1200%2C534&ssl=1&resize=350%2C200","width":350,"height":200},"classes":[]},{"id":114,"url":"https:\/\/cnl2016.bm-ferreiradecastro.com\/?p=114","url_meta":{"origin":252,"position":4},"title":"Conhecem Oliveira de Azem\u00e9is?","date":"19 Abril, 2016","format":false,"excerpt":"Oliveira de Azem\u00e9is \u00e9 uma cidade portuguesa, localizada no concelho hom\u00f3nimo, pertencente \u00e0 unidade estat\u00edstica \u00c1rea Metropolitana do Porto da Regi\u00e3o Norte. \u00c9 sede de um munic\u00edpio com 161,10 km\u00b2 de \u00e1rea e 68 611 habitantes (2011), subdividido em 12 freguesias. Para conhecer e saber mais aceda a www.cm-oaz.pt.","rel":"","context":"In &quot;Destaque&quot;","img":{"alt_text":"Oliveira de Azem\u00e9is","src":"https:\/\/i0.wp.com\/cnl2016.bm-ferreiradecastro.com\/wp-content\/uploads\/2016\/04\/oaz.jpg?fit=1200%2C344&ssl=1&resize=350%2C200","width":350,"height":200},"classes":[]},{"id":29,"url":"https:\/\/cnl2016.bm-ferreiradecastro.com\/?p=29","url_meta":{"origin":252,"position":5},"title":"10\u00aa. EDI\u00c7\u00c3O DO CONCURSO NACIONAL DE LEITURA (2015-2016)","date":"22 Janeiro, 2016","format":false,"excerpt":"O CNL\u00a0\u00e9 hoje a principal iniciativa do Plano Nacional de Leitura em que a DGLAB participa na qualidade de entidade\u00a0coordenadora das Provas Distritais, realizadas por Bibliotecas P\u00fablicas Municipais.\u00a0 Este\u00a0Concurso de \u00e2mbito\u00a0nacional\u00a0desenvolve-se em tr\u00eas fases distintas. Durante a 1\u00aa. fase, os concorrentes do\u00a03\u00ba\u00a0Ciclo do Ensino B\u00e1sico e do Secund\u00e1rio\u00a0candidatam-se atrav\u00e9s das\u2026","rel":"","context":"In &quot;Sem categoria&quot;","img":{"alt_text":"","src":"https:\/\/i2.wp.com\/cnl2016.bm-ferreiradecastro.com\/wp-content\/uploads\/2016\/01\/logo_cnl.jpg?fit=300%2C345&ssl=1&resize=350%2C200","width":350,"height":200},"classes":[]}],"_links":{"self":[{"href":"https:\/\/cnl2016.bm-ferreiradecastro.com\/index.php?rest_route=\/wp\/v2\/posts\/252"}],"collection":[{"href":"https:\/\/cnl2016.bm-ferreiradecastro.com\/index.php?rest_route=\/wp\/v2\/posts"}],"about":[{"href":"https:\/\/cnl2016.bm-ferreiradecastro.com\/index.php?rest_route=\/wp\/v2\/types\/post"}],"author":[{"embeddable":true,"href":"https:\/\/cnl2016.bm-ferreiradecastro.com\/index.php?rest_route=\/wp\/v2\/users\/5"}],"replies":[{"embeddable":true,"href":"https:\/\/cnl2016.bm-ferreiradecastro.com\/index.php?rest_route=%2Fwp%2Fv2%2Fcomments&post=252"}],"version-history":[{"count":4,"href":"https:\/\/cnl2016.bm-ferreiradecastro.com\/index.php?rest_route=\/wp\/v2\/posts\/252\/revisions"}],"predecessor-version":[{"id":486,"href":"https:\/\/cnl2016.bm-ferreiradecastro.com\/index.php?rest_route=\/wp\/v2\/posts\/252\/revisions\/486"}],"wp:featuredmedia":[{"embeddable":true,"href":"https:\/\/cnl2016.bm-ferreiradecastro.com\/index.php?rest_route=\/wp\/v2\/media\/254"}],"wp:attachment":[{"href":"https:\/\/cnl2016.bm-ferreiradecastro.com\/index.php?rest_route=%2Fwp%2Fv2%2Fmedia&parent=252"}],"wp:term":[{"taxonomy":"category","embeddable":true,"href":"https:\/\/cnl2016.bm-ferreiradecastro.com\/index.php?rest_route=%2Fwp%2Fv2%2Fcategories&post=252"},{"taxonomy":"post_tag","embeddable":true,"href":"https:\/\/cnl2016.bm-ferreiradecastro.com\/index.php?rest_route=%2Fwp%2Fv2%2Ftags&post=252"}],"curies":[{"name":"wp","href":"https:\/\/api.w.org\/{rel}","templated":true}]}}